{"id":1141,"date":"2022-05-02T20:55:24","date_gmt":"2022-05-02T18:55:24","guid":{"rendered":"http:\/\/www.asv-oppenheim.de\/?p=1141"},"modified":"2022-06-05T13:09:27","modified_gmt":"2022-06-05T11:09:27","slug":"einladung-jahreshauptversammlung-2022","status":"publish","type":"post","link":"https:\/\/www.asv-oppenheim.de\/index.php\/2022\/05\/02\/einladung-jahreshauptversammlung-2022\/","title":{"rendered":"Einladung Jahreshauptversammlung 2022"},"content":{"rendered":"\r\n<div class=\"wp-block-image\">\r\n<figure class=\"alignright\"><img loading=\"lazy\" decoding=\"async\" width=\"124\" height=\"115\" class=\"wp-image-189\" src=\"https:\/\/www.asv-oppenheim.de\/wp-content\/uploads\/2017\/08\/ASVlogo_mittel.png\" alt=\"\" \/><\/figure>\r\n<\/div>\r\n\r\n\r\n\r\n<p>Liebe Anglerinnen, liebe Angler, hiermit m\u00f6chten wir zur Jahreshauptversammung am <strong>Samstag, 25. Juni 2022 um 17.00 Uhr<\/strong> am Sandloch (Wegen m\u00f6gliche Corona Einschr\u00e4nkungen im \u00fcberdachten Freien) einladen. <strong>Tagesordnung:<\/strong><\/p>\r\n<ol>\r\n<li>Begr\u00fc\u00dfung der Versammlung<\/li>\r\n<li>Gedenken der Verstorbenen<\/li>\r\n<li>Bericht des Vorsitzenden<\/li>\r\n<li>Bericht des Kassenwartes<\/li>\r\n<li>Bericht der Kassenpr\u00fcfer<\/li>\r\n<li>Entlastung des Kassenwartes<\/li>\r\n<li>Weitere Berichte von Vorstandsmitgliedern<\/li>\r\n<li>Nachwahl 2 Kassenpr\u00fcfer<\/li>\r\n<li>Terminplan 2022<\/li>\r\n<li>Antr\u00e4ge<\/li>\r\n<li>Verschiedenes<\/li>\r\n<\/ol>\r\n<p>Antr\u00e4ge bitten wir bis sp\u00e4testens bis zum 12.06.2022 bei Dieter R\u00fcdiger, Nierstein schriftlich einzureichen. Wir w\u00e4ren sehr dankbar, wenn sich die Mitglieder\/innen zur Versammlung bis sp\u00e4testens zum 14.06.2022 per Mail an Heinz Hamm, Adresse: &#8222;heinz (at) hamm-nierstein.de&#8220; anmelden w\u00fcrden, damit wir entsprechend einen Abendimbiss zum Selbstkostenpreis bestellen k\u00f6nnen. \u00a0<\/p>\r\n<p>Thomas Herzog\u00a0\u00a0\u00a0\u00a0\u00a0\u00a0\u00a0\u00a0\u00a0\u00a0\u00a0\u00a0\u00a0\u00a0\u00a0\u00a0\u00a0\u00a0\u00a0\u00a0\u00a0\u00a0\u00a0\u00a0\u00a0\u00a0\u00a0\u00a0\u00a0\u00a0\u00a0\u00a0\u00a0\u00a0\u00a0\u00a0\u00a0\u00a0\u00a0\u00a0\u00a0\u00a0\u00a0\u00a0\u00a0\u00a0\u00a0\u00a0\u00a0\u00a0\u00a0\u00a0\u00a0\u00a0\u00a0\u00a0\u00a0\u00a0\u00a0\u00a0\u00a0\u00a0\u00a0 Dieter R\u00fcdiger (Vorsitzender)\u00a0\u00a0\u00a0\u00a0\u00a0\u00a0\u00a0\u00a0\u00a0\u00a0\u00a0\u00a0\u00a0\u00a0\u00a0\u00a0\u00a0\u00a0\u00a0\u00a0\u00a0\u00a0\u00a0\u00a0\u00a0\u00a0\u00a0\u00a0\u00a0\u00a0\u00a0\u00a0\u00a0\u00a0\u00a0\u00a0\u00a0\u00a0\u00a0\u00a0\u00a0\u00a0\u00a0\u00a0\u00a0\u00a0\u00a0\u00a0\u00a0\u00a0\u00a0\u00a0 \u00a0\u00a0\u00a0\u00a0\u00a0\u00a0\u00a0\u00a0\u00a0\u00a0\u00a0\u00a0\u00a0(2. Vorsitzender)<\/p>","protected":false},"excerpt":{"rendered":"<p>Liebe Anglerinnen, liebe Angler, hiermit m\u00f6chten wir zur Jahreshauptversammung am Samstag, 25. Juni 2022 um 17.00 Uhr am Sandloch (Wegen m\u00f6gliche Corona Einschr\u00e4nkungen im \u00fcberdachten Freien) einladen. Tagesordnung: Begr\u00fc\u00dfung der Versammlung Gedenken der Verstorbenen Bericht des Vorsitzenden Bericht des Kassenwartes Bericht der Kassenpr\u00fcfer Entlastung des Kassenwartes Weitere Berichte von Vorstandsmitgliedern Nachwahl 2 Kassenpr\u00fcfer Terminplan 2022 [&hellip;]<\/p>\n","protected":false},"author":3,"featured_media":0,"comment_status":"closed","ping_status":"closed","sticky":false,"template":"","format":"standard","meta":{"footnotes":""},"categories":[1],"tags":[],"class_list":["post-1141","post","type-post","status-publish","format-standard","hentry","category-allgemein"],"_links":{"self":[{"href":"https:\/\/www.asv-oppenheim.de\/index.php\/wp-json\/wp\/v2\/posts\/1141","targetHints":{"allow":["GET"]}}],"collection":[{"href":"https:\/\/www.asv-oppenheim.de\/index.php\/wp-json\/wp\/v2\/posts"}],"about":[{"href":"https:\/\/www.asv-oppenheim.de\/index.php\/wp-json\/wp\/v2\/types\/post"}],"author":[{"embeddable":true,"href":"https:\/\/www.asv-oppenheim.de\/index.php\/wp-json\/wp\/v2\/users\/3"}],"replies":[{"embeddable":true,"href":"https:\/\/www.asv-oppenheim.de\/index.php\/wp-json\/wp\/v2\/comments?post=1141"}],"version-history":[{"count":6,"href":"https:\/\/www.asv-oppenheim.de\/index.php\/wp-json\/wp\/v2\/posts\/1141\/revisions"}],"predecessor-version":[{"id":1148,"href":"https:\/\/www.asv-oppenheim.de\/index.php\/wp-json\/wp\/v2\/posts\/1141\/revisions\/1148"}],"wp:attachment":[{"href":"https:\/\/www.asv-oppenheim.de\/index.php\/wp-json\/wp\/v2\/media?parent=1141"}],"wp:term":[{"taxonomy":"category","embeddable":true,"href":"https:\/\/www.asv-oppenheim.de\/index.php\/wp-json\/wp\/v2\/categories?post=1141"},{"taxonomy":"post_tag","embeddable":true,"href":"https:\/\/www.asv-oppenheim.de\/index.php\/wp-json\/wp\/v2\/tags?post=1141"}],"curies":[{"name":"wp","href":"https:\/\/api.w.org\/{rel}","templated":true}]}}