{"id":1150,"date":"2022-06-28T13:28:33","date_gmt":"2022-06-28T11:28:33","guid":{"rendered":"http:\/\/www.asv-oppenheim.de\/?p=1150"},"modified":"2022-06-28T13:28:33","modified_gmt":"2022-06-28T11:28:33","slug":"bericht-jahreshauptversammlung-2022","status":"publish","type":"post","link":"https:\/\/www.asv-oppenheim.de\/index.php\/2022\/06\/28\/bericht-jahreshauptversammlung-2022\/","title":{"rendered":"Bericht Jahreshauptversammlung 2022"},"content":{"rendered":"<p>Vorstandswahlen standen keine an, zur j\u00fcngsten Mitgliederversammlung des ASV- Oppenheim.<\/p>\n<p>Vorsitzender Thomas Herzog dankte f\u00fcr die geleistete Arbeit an den Gew\u00e4ssern. Das Gew\u00e4sser Kiesgrube sei weitgehend in Ordnung und saniert. Er verwies auf den im Fr\u00fchjahr 2021 durchgef\u00fchrten Fischbesatz.<\/p>\n<p>Wegen Corona seien auch 2021, mit Ausnahme des Fischessens f\u00fcr die \u00e4lteren Mitb\u00fcrger im Altenzentrum, alle Veranstaltungen ausgefallen. Die internen Angeltermine konnten hingegen stattfinden, jedoch nicht die beliebte Jahresabschlu\u00dffeier.<\/p>\n<p>Kassierer Heinz Hamm pr\u00e4sentierte eine einwandfrei gef\u00fchrte Kasse und wurde daf\u00fcr auf Empfehlung der Kassenpr\u00fcfer auch einstimmig entlastet.<\/p>\n<p>Nach dem Hauptfischen, am 10.7.2022, steht das Familienfischen am 20. August auf dem Plan. Die Mitglieder erhalten einen Gutschein f\u00fcr Essen und ein Getr\u00e4nke.<\/p>\n<p>Die Mitgliederversammlung ist zuversichtlich, am Sonntag den 18.September endlich wieder ein Fischessen mit Fr\u00fchschoppen, coronafrei, am Sandloch durchf\u00fchren zu k\u00f6nnen, dazu wird noch \u00f6ffentlich rechtzeitig eingeladen.<\/p>\n<p>Auch die Jahresabschlu\u00dffeier am 3. Dezember soll wieder im Bootshaus des KCO am Hafen stattfinden, wo auch Vereinsehrungen vorgenommen werden.<\/p>\n<p>Nachdem Thomas Herzog die Reihenfolge der Vereinsmeisterschaft f\u00fcr das Jahr 2021 verlesen hatte, sa\u00df man noch bei einem gemeinsamen Abendessen am sch\u00f6n gelegenen Vereinsgew\u00e4sser Sandloch zusammen.<\/p>\n","protected":false},"excerpt":{"rendered":"<p>Vorstandswahlen standen keine an, zur j\u00fcngsten Mitgliederversammlung des ASV- Oppenheim. Vorsitzender Thomas Herzog dankte f\u00fcr die geleistete Arbeit an den Gew\u00e4ssern. Das Gew\u00e4sser Kiesgrube sei weitgehend in Ordnung und saniert. Er verwies auf den im Fr\u00fchjahr 2021 durchgef\u00fchrten Fischbesatz. Wegen Corona seien auch 2021, mit Ausnahme des Fischessens f\u00fcr die \u00e4lteren Mitb\u00fcrger im Altenzentrum, alle [&hellip;]<\/p>\n","protected":false},"author":3,"featured_media":0,"comment_status":"closed","ping_status":"closed","sticky":false,"template":"","format":"standard","meta":{"footnotes":""},"categories":[1,81,22],"tags":[35,36,44,45,80],"class_list":["post-1150","post","type-post","status-publish","format-standard","hentry","category-allgemein","category-81","category-versammlung","tag-generalversammlung","tag-versammlung","tag-jahreshauptversammlung","tag-rundschreiben","tag-80"],"_links":{"self":[{"href":"https:\/\/www.asv-oppenheim.de\/index.php\/wp-json\/wp\/v2\/posts\/1150","targetHints":{"allow":["GET"]}}],"collection":[{"href":"https:\/\/www.asv-oppenheim.de\/index.php\/wp-json\/wp\/v2\/posts"}],"about":[{"href":"https:\/\/www.asv-oppenheim.de\/index.php\/wp-json\/wp\/v2\/types\/post"}],"author":[{"embeddable":true,"href":"https:\/\/www.asv-oppenheim.de\/index.php\/wp-json\/wp\/v2\/users\/3"}],"replies":[{"embeddable":true,"href":"https:\/\/www.asv-oppenheim.de\/index.php\/wp-json\/wp\/v2\/comments?post=1150"}],"version-history":[{"count":1,"href":"https:\/\/www.asv-oppenheim.de\/index.php\/wp-json\/wp\/v2\/posts\/1150\/revisions"}],"predecessor-version":[{"id":1151,"href":"https:\/\/www.asv-oppenheim.de\/index.php\/wp-json\/wp\/v2\/posts\/1150\/revisions\/1151"}],"wp:attachment":[{"href":"https:\/\/www.asv-oppenheim.de\/index.php\/wp-json\/wp\/v2\/media?parent=1150"}],"wp:term":[{"taxonomy":"category","embeddable":true,"href":"https:\/\/www.asv-oppenheim.de\/index.php\/wp-json\/wp\/v2\/categories?post=1150"},{"taxonomy":"post_tag","embeddable":true,"href":"https:\/\/www.asv-oppenheim.de\/index.php\/wp-json\/wp\/v2\/tags?post=1150"}],"curies":[{"name":"wp","href":"https:\/\/api.w.org\/{rel}","templated":true}]}}