{"id":1248,"date":"2023-10-09T20:33:45","date_gmt":"2023-10-09T18:33:45","guid":{"rendered":"http:\/\/www.asv-oppenheim.de\/?p=1248"},"modified":"2023-10-09T20:33:45","modified_gmt":"2023-10-09T18:33:45","slug":"thomas-herzog-40-jahre-vereinsvorsitzender","status":"publish","type":"post","link":"https:\/\/www.asv-oppenheim.de\/index.php\/2023\/10\/09\/thomas-herzog-40-jahre-vereinsvorsitzender\/","title":{"rendered":"Thomas Herzog, 40 Jahre Vereinsvorsitzender"},"content":{"rendered":"<p>Vierzig Jahre einem Verein vorstehen ist schon eine Leistung! Dieses Ehrenamt begleitet Thomas Herzog f\u00fcr den ASV Oppenheim schon seit Januar 1983. Und es sind Stationen des Weges, welche seine Arbeit f\u00fcr Verein und Mitb\u00fcrger auszeichnen, die sich sehen lassen k\u00f6nnen: So das j\u00e4hrliche Fischessen f\u00fcr die Bewohner des Altenzentrums. Er f\u00fchrte angeln und Naturschutz zusammen, wof\u00fcr der Verein 1994 von der Stadt ausgezeichnet wurde, ein Jahr sp\u00e4ter kam der Umweltpreis des Verbandes Deutscher Sportfischer hinzu. Er bekam die Ehrennadel des Landes Rheinland Pfalz. 1999 schlie\u00dft der Verein einen Erbpachtvertrag \u00fcber 99 Jahre f\u00fcr das Sandloch und die Pacht f\u00fcr alle Gew\u00e4sser im W\u00e4ldchen.<\/p>\n<p>Im Jahr 2000 organisiert er die Feier zum 75. Bestehen des Vereines, 2001 ein Fischessen zu\u00a0 Gunsten der Orgel der Katharinenkirche und 2007 ein solches f\u00fcr die hiesigen Kinderg\u00e4rten. 2009 verk\u00f6stigt der ASVO zum Ehrenamtstag in Oppenheim die Aussteller und G\u00e4ste mit 3000(!) Portionen Fisch und 2015 erh\u00e4lt die Stiftung &#8222;B\u00e4renherz&#8220; 900 Euro f\u00fcr schwerstkranke Kinder.<\/p>\n<p>Die Sanierung der Kiesgrube und die Einrichtung eines Vogelschutzgebietes, gemeinsam mit der Stadt wurden in die Wege geleitet.<\/p>\n<p>1984 wurden die Oppenheimer Angler Deutscher Meister.<\/p>\n<p>Die enge Zusammenarbeit mit der Stadt war in der Vergangenheit pr\u00e4gend.<\/p>\n<p>In einer Feierstunde erhielt Thomas Herzog vom Vorsitzenden des Bezirksverbandes, Herbert K\u00fchn f\u00fcr den Landesverband eine Ehrenurkunde und die Ehrennadel in Bronze.<\/p>\n<p>Herzog dankte f\u00fcr die Ehrung und den Mitgliedern f\u00fcr den hervorragenden Einsatz der beiden erfolgreichen Fischessen 2023. Der Verein gehe mit Optimismus f\u00fcr Hobby, sowie Schutz und Pflege seiner Gew\u00e4sser seinem 100. Jubil\u00e4um 2025 entgegen.<\/p>\n<p>&nbsp;<\/p>\n<p><strong>Bild<\/strong> 1: Bezirksvorsitzender Herbert K\u00fchn zeichnet Thomas Herzog aus<\/p>\n<p><img loading=\"lazy\" decoding=\"async\" class=\"alignnone size-large wp-image-1249\" src=\"https:\/\/www.asv-oppenheim.de\/wp-content\/uploads\/2023\/10\/20231009-EhrungThomas1-1024x683.jpg\" alt=\"\" width=\"648\" height=\"432\" srcset=\"https:\/\/www.asv-oppenheim.de\/wp-content\/uploads\/2023\/10\/20231009-EhrungThomas1-1024x683.jpg 1024w, https:\/\/www.asv-oppenheim.de\/wp-content\/uploads\/2023\/10\/20231009-EhrungThomas1-300x200.jpg 300w, https:\/\/www.asv-oppenheim.de\/wp-content\/uploads\/2023\/10\/20231009-EhrungThomas1-768x512.jpg 768w, https:\/\/www.asv-oppenheim.de\/wp-content\/uploads\/2023\/10\/20231009-EhrungThomas1-1536x1024.jpg 1536w, https:\/\/www.asv-oppenheim.de\/wp-content\/uploads\/2023\/10\/20231009-EhrungThomas1-2048x1365.jpg 2048w\" sizes=\"auto, (max-width: 648px) 100vw, 648px\" \/><\/p>\n<p><strong>Bild 2:<\/strong> Urkunde und Pr\u00e4sentkorb zum 40. vom Verein<\/p>\n<p><img loading=\"lazy\" decoding=\"async\" class=\"alignnone size-large wp-image-1250\" src=\"https:\/\/www.asv-oppenheim.de\/wp-content\/uploads\/2023\/10\/20231009-EhrungThomas2-1024x683.jpg\" alt=\"\" width=\"648\" height=\"432\" srcset=\"https:\/\/www.asv-oppenheim.de\/wp-content\/uploads\/2023\/10\/20231009-EhrungThomas2-1024x683.jpg 1024w, https:\/\/www.asv-oppenheim.de\/wp-content\/uploads\/2023\/10\/20231009-EhrungThomas2-300x200.jpg 300w, https:\/\/www.asv-oppenheim.de\/wp-content\/uploads\/2023\/10\/20231009-EhrungThomas2-768x512.jpg 768w, https:\/\/www.asv-oppenheim.de\/wp-content\/uploads\/2023\/10\/20231009-EhrungThomas2-1536x1024.jpg 1536w, https:\/\/www.asv-oppenheim.de\/wp-content\/uploads\/2023\/10\/20231009-EhrungThomas2-2048x1365.jpg 2048w\" sizes=\"auto, (max-width: 648px) 100vw, 648px\" \/><\/p>\n<p>&nbsp;<\/p>\n","protected":false},"excerpt":{"rendered":"<p>Vierzig Jahre einem Verein vorstehen ist schon eine Leistung! Dieses Ehrenamt begleitet Thomas Herzog f\u00fcr den ASV Oppenheim schon seit Januar 1983. Und es sind Stationen des Weges, welche seine Arbeit f\u00fcr Verein und Mitb\u00fcrger auszeichnen, die sich sehen lassen k\u00f6nnen: So das j\u00e4hrliche Fischessen f\u00fcr die Bewohner des Altenzentrums. Er f\u00fchrte angeln und Naturschutz [&hellip;]<\/p>\n","protected":false},"author":3,"featured_media":0,"comment_status":"closed","ping_status":"closed","sticky":false,"template":"","format":"standard","meta":{"footnotes":""},"categories":[1,82,22],"tags":[39,83],"class_list":["post-1248","post","type-post","status-publish","format-standard","hentry","category-allgemein","category-82","category-versammlung","tag-geschichte","tag-83"],"_links":{"self":[{"href":"https:\/\/www.asv-oppenheim.de\/index.php\/wp-json\/wp\/v2\/posts\/1248","targetHints":{"allow":["GET"]}}],"collection":[{"href":"https:\/\/www.asv-oppenheim.de\/index.php\/wp-json\/wp\/v2\/posts"}],"about":[{"href":"https:\/\/www.asv-oppenheim.de\/index.php\/wp-json\/wp\/v2\/types\/post"}],"author":[{"embeddable":true,"href":"https:\/\/www.asv-oppenheim.de\/index.php\/wp-json\/wp\/v2\/users\/3"}],"replies":[{"embeddable":true,"href":"https:\/\/www.asv-oppenheim.de\/index.php\/wp-json\/wp\/v2\/comments?post=1248"}],"version-history":[{"count":1,"href":"https:\/\/www.asv-oppenheim.de\/index.php\/wp-json\/wp\/v2\/posts\/1248\/revisions"}],"predecessor-version":[{"id":1251,"href":"https:\/\/www.asv-oppenheim.de\/index.php\/wp-json\/wp\/v2\/posts\/1248\/revisions\/1251"}],"wp:attachment":[{"href":"https:\/\/www.asv-oppenheim.de\/index.php\/wp-json\/wp\/v2\/media?parent=1248"}],"wp:term":[{"taxonomy":"category","embeddable":true,"href":"https:\/\/www.asv-oppenheim.de\/index.php\/wp-json\/wp\/v2\/categories?post=1248"},{"taxonomy":"post_tag","embeddable":true,"href":"https:\/\/www.asv-oppenheim.de\/index.php\/wp-json\/wp\/v2\/tags?post=1248"}],"curies":[{"name":"wp","href":"https:\/\/api.w.org\/{rel}","templated":true}]}}