{"id":250,"date":"2014-01-01T17:42:36","date_gmt":"2014-01-01T16:42:36","guid":{"rendered":"http:\/\/www.asv-oppenheim.de\/?p=250"},"modified":"2017-08-13T22:28:28","modified_gmt":"2017-08-13T20:28:28","slug":"jahreshauptversammlung","status":"publish","type":"post","link":"https:\/\/www.asv-oppenheim.de\/index.php\/2014\/01\/01\/jahreshauptversammlung\/","title":{"rendered":"Einladung Jahreshauptversammlung 2014"},"content":{"rendered":"<h1>Einladung zur Jahreshauptversammlung 2013<\/h1>\n<p>Liebe Anglerinnen,\u00a0\u00a0\u00a0\u00a0\u00a0\u00a0\u00a0<img loading=\"lazy\" decoding=\"async\" class=\"size-full wp-image-189 alignright\" src=\"https:\/\/www.asv-oppenheim.de\/wp-content\/uploads\/2017\/08\/ASVlogo_mittel.png\" alt=\"\" width=\"124\" height=\"115\" \/><br \/>\nliebe Angler,<\/p>\n<p>hiermit m\u00f6chten wir zur Jahreshauptversammlung am<\/p>\n<p><strong>Samstag, 29. M\u00e4rz 2014 um 18.00 Uhr<\/strong><\/p>\n<p>in der Waldgastst\u00e4tte am Strandbad, Oppenheim einladen.<\/p>\n<p><strong>Tagesordnung:<\/strong><\/p>\n<ol>\n<li>Begr\u00fc\u00dfung der Versammlung<\/li>\n<li>Gedenken der Verstorbenen<\/li>\n<li>Bericht des Vorsitzenden<\/li>\n<li>Bericht des Kassenwartes<\/li>\n<li>Bericht der Kassenpr\u00fcfer<\/li>\n<li>Entlastung des Kassenwartes<\/li>\n<li>Weitere Berichte von Vorstandsmitgliedern<\/li>\n<li>Terminplan 2014<\/li>\n<li>Kassenvoranschlag 2014<\/li>\n<li>Sonderbestimmungen 2014<\/li>\n<li>Verbandsangelegenheiten<\/li>\n<li>Antr\u00e4ge<\/li>\n<li>Verschiedenes<\/li>\n<\/ol>\n<p>Den Kassenbericht erhaltet Ihr in schriftlicher Form anl\u00e4sslich der Versammlung.<\/p>\n<p>Auf unserer Internetseite wurde eine Rubrik \u201eNewsletter\u201c angelegt.\u00dcber den kostenlosen Dienst CleverReach k\u00f6nnen sich Mitglieder oder weitere Personen f\u00fcr eineN Newsletter anmelden und falls sie diesen nicht mehr erhalten wollen, auch abmelden.Teilnehmer erhalten dann automatisch eine Erinnerungsmail mit Hinweisen auf die Veranstaltungen (Feste, Arbeitsdienst usw) des Vereines.<\/p>\n<p>Wir m\u00f6chten nun Sommer 2014 an unsere Mitglieder mit Internetanschluss die Rundschreiben per E-Mail versenden. Wer sich hierzu bereit erkl\u00e4rt, bitte seine E-Mail Adresse und ggf die Telefonnummer an &#8222;dieter.ruediger[at]web.de&#8220; senden (ist teilweise bereits erfolgt). F\u00fcr eine rege Beteiligung w\u00e4ren wir dankbar, da das elektronische Versenden eine erhebliche Erleichterung ist.<\/p>\n<p>Antr\u00e4ge bitten wir bis sp\u00e4testens bis zum 22.03.2014 bei Marliese Bingenheimer, Morgenweide, Oppenheim schriftlich einzureichen.<br \/>\nWir bitten um zahlreiches Erscheinen bei der Versammlung und verbleiben<\/p>\n<p>Petry Heil!<\/p>\n<p>Thomas Herzog\u00a0\u00a0\u00a0\u00a0\u00a0\u00a0\u00a0\u00a0\u00a0\u00a0\u00a0\u00a0\u00a0\u00a0\u00a0\u00a0\u00a0\u00a0\u00a0\u00a0\u00a0\u00a0\u00a0\u00a0\u00a0\u00a0\u00a0\u00a0\u00a0\u00a0\u00a0\u00a0\u00a0\u00a0\u00a0\u00a0\u00a0\u00a0\u00a0\u00a0\u00a0\u00a0\u00a0\u00a0\u00a0\u00a0\u00a0\u00a0\u00a0\u00a0\u00a0\u00a0\u00a0\u00a0\u00a0\u00a0\u00a0\u00a0\u00a0\u00a0\u00a0\u00a0\u00a0 Dieter R\u00fcdiger<br \/>\n(Vorsitzender)\u00a0\u00a0\u00a0\u00a0\u00a0\u00a0\u00a0\u00a0\u00a0\u00a0\u00a0\u00a0\u00a0\u00a0\u00a0\u00a0\u00a0\u00a0\u00a0\u00a0\u00a0\u00a0\u00a0\u00a0\u00a0\u00a0\u00a0\u00a0\u00a0\u00a0\u00a0\u00a0\u00a0\u00a0\u00a0\u00a0\u00a0\u00a0\u00a0\u00a0\u00a0\u00a0\u00a0\u00a0\u00a0\u00a0\u00a0\u00a0\u00a0\u00a0\u00a0 \u00a0\u00a0\u00a0\u00a0\u00a0\u00a0\u00a0\u00a0\u00a0\u00a0\u00a0\u00a0\u00a0\u00a0(2. Vorsitzender)<\/p>\n<p><a href=\"https:\/\/www.asv-oppenheim.de\/wp-content\/uploads\/Dokumente\/20140214_Rundschreiben.pdf\">Einladung Download<\/a><\/p>\n<p>&nbsp;<\/p>\n","protected":false},"excerpt":{"rendered":"<p>Einladung zur Jahreshauptversammlung 2013 Liebe Anglerinnen,\u00a0\u00a0\u00a0\u00a0\u00a0\u00a0\u00a0 liebe Angler, hiermit m\u00f6chten wir zur Jahreshauptversammlung am Samstag, 29. M\u00e4rz 2014 um 18.00 Uhr in der Waldgastst\u00e4tte am Strandbad, Oppenheim einladen. Tagesordnung: Begr\u00fc\u00dfung der Versammlung Gedenken der Verstorbenen Bericht des Vorsitzenden Bericht des Kassenwartes Bericht der Kassenpr\u00fcfer Entlastung des Kassenwartes Weitere Berichte von Vorstandsmitgliedern Terminplan 2014 Kassenvoranschlag 2014 [&hellip;]<\/p>\n","protected":false},"author":3,"featured_media":0,"comment_status":"closed","ping_status":"closed","sticky":false,"template":"","format":"standard","meta":{"footnotes":""},"categories":[1,22,25,30],"tags":[35,36,44,56],"class_list":["post-250","post","type-post","status-publish","format-standard","hentry","category-allgemein","category-versammlung","category-rundschreiben","category-30","tag-generalversammlung","tag-versammlung","tag-jahreshauptversammlung","tag-56"],"_links":{"self":[{"href":"https:\/\/www.asv-oppenheim.de\/index.php\/wp-json\/wp\/v2\/posts\/250","targetHints":{"allow":["GET"]}}],"collection":[{"href":"https:\/\/www.asv-oppenheim.de\/index.php\/wp-json\/wp\/v2\/posts"}],"about":[{"href":"https:\/\/www.asv-oppenheim.de\/index.php\/wp-json\/wp\/v2\/types\/post"}],"author":[{"embeddable":true,"href":"https:\/\/www.asv-oppenheim.de\/index.php\/wp-json\/wp\/v2\/users\/3"}],"replies":[{"embeddable":true,"href":"https:\/\/www.asv-oppenheim.de\/index.php\/wp-json\/wp\/v2\/comments?post=250"}],"version-history":[{"count":6,"href":"https:\/\/www.asv-oppenheim.de\/index.php\/wp-json\/wp\/v2\/posts\/250\/revisions"}],"predecessor-version":[{"id":313,"href":"https:\/\/www.asv-oppenheim.de\/index.php\/wp-json\/wp\/v2\/posts\/250\/revisions\/313"}],"wp:attachment":[{"href":"https:\/\/www.asv-oppenheim.de\/index.php\/wp-json\/wp\/v2\/media?parent=250"}],"wp:term":[{"taxonomy":"category","embeddable":true,"href":"https:\/\/www.asv-oppenheim.de\/index.php\/wp-json\/wp\/v2\/categories?post=250"},{"taxonomy":"post_tag","embeddable":true,"href":"https:\/\/www.asv-oppenheim.de\/index.php\/wp-json\/wp\/v2\/tags?post=250"}],"curies":[{"name":"wp","href":"https:\/\/api.w.org\/{rel}","templated":true}]}}