{"id":325,"date":"2015-02-28T18:49:30","date_gmt":"2015-02-28T17:49:30","guid":{"rendered":"http:\/\/www.asv-oppenheim.de\/?p=325"},"modified":"2017-08-13T22:46:04","modified_gmt":"2017-08-13T20:46:04","slug":"einladung-generalversammlung-2015","status":"publish","type":"post","link":"https:\/\/www.asv-oppenheim.de\/index.php\/2015\/02\/28\/einladung-generalversammlung-2015\/","title":{"rendered":"Einladung Generalversammlung 2015"},"content":{"rendered":"<h1>Rundscheiben zur Generalversammlung 2015<\/h1>\n<p>Liebe Anglerinnen,\u00a0\u00a0\u00a0\u00a0\u00a0\u00a0\u00a0\u00a0\u00a0\u00a0\u00a0\u00a0\u00a0\u00a0\u00a0\u00a0\u00a0\u00a0\u00a0\u00a0<img loading=\"lazy\" decoding=\"async\" class=\"size-full wp-image-189 alignright\" src=\"https:\/\/www.asv-oppenheim.de\/wp-content\/uploads\/2017\/08\/ASVlogo_mittel.png\" alt=\"\" width=\"124\" height=\"115\" \/><br \/>\nliebe Angler,<\/p>\n<p>hiermit m\u00f6chten wir zur Generalversammlung am<\/p>\n<p><strong>Samstag, 11. April 2015 um 18.00 Uhr<\/strong><\/p>\n<p>in der Waldgastst\u00e4tte Oppenheim einladen.<\/p>\n<p><strong>Tagesordnung:<\/strong><\/p>\n<ol>\n<li>Begr\u00fc\u00dfung der Versammlung<\/li>\n<li>Gedenken der Verstorbenen<\/li>\n<li>Bericht des Vorsitzenden<\/li>\n<li>Bericht des Kassenwartes<\/li>\n<li>Bericht der Kassenpr\u00fcfer<\/li>\n<li>Entlastung des Kassenwartes<\/li>\n<li>Weitere Berichte von Vorstandsmitgliedern<\/li>\n<li>Entlastung des Gesamtvorstandes<\/li>\n<\/ol>\n<p><strong>Neuwahlen des Vorstandes:<\/strong><\/p>\n<ol>\n<li>Wahl eines Versammlungsleiters<\/li>\n<li>Neuwahl des Vorsitzenden<\/li>\n<li>Neuwahl des 2. Vorsitzenden<\/li>\n<li>Neuwahl des 1. Kassierer<\/li>\n<li>Neuwahl des 2. Kassierer<\/li>\n<li>Neuwahl des 1. Schriftf\u00fchrer<\/li>\n<li>Neuwahl des 2. Schriftf\u00fchrer<\/li>\n<li>Neuwahl des Pressewartes<\/li>\n<li>Neuwahl von zwei Gew\u00e4sserwarte<\/li>\n<li>Neuwahl des Jugendleiters<\/li>\n<li>Neuwahl von 3 Beisitzer<\/li>\n<\/ol>\n<p>Neuwahlen der beratenden Vorstandmitglieder:<\/p>\n<ol>\n<li>Neuwahl Naturschutzbeauftragter<\/li>\n<li>Neuwahl Ger\u00e4tewart<\/li>\n<li>Neuwahl 2 Kassenpr\u00fcfer<\/li>\n<\/ol>\n<p><strong>Beschluss \u00fcber:<\/strong><\/p>\n<ol>\n<li>Terminplan 2015<\/li>\n<li>Kassenvoranschlag 2015<\/li>\n<li>Sonderbestimmungen 2015<\/li>\n<li>Antr\u00e4ge<\/li>\n<li>Verschiedenes<\/li>\n<\/ol>\n<p>Den Kassenbericht erhalten Sie in schriftlicher Form bei der Versammlung bzw liegt beim Angelfachgesch\u00e4ft Oppenheim aus.<br \/>\nAntr\u00e4ge bitten wir bis sp\u00e4testens bis zum 31.03.2015 bei Marliese Bingenheimer, Morgenweide, Oppenheim schriftlich einzureichen.<br \/>\nDer Verein wird sich in diesem Jahr wieder an dem Familienfest des SPD-Ortsverein Oppenheim am 01. Mai beteiligen.Die Erl\u00f6se spenden wir, einer alten Tradition folgend, in diesem Jahr zugunsten von B\u00e4renherz. Diese Institution k\u00fcmmert sich um Krebskranke Kinder.<\/p>\n<p>Gleichzeitig folgen wir der mehr als drei\u00dfig Jahre gepflegten alten Vorgehensweise und laden die Senioren des Zivilhospitales Oppenheim im November zum Fischessen ein.<\/p>\n<p>Wir bitten um zahlreiches Erscheinen zur Versammlung und verbleiben<br \/>\nPetri Heil!<\/p>\n<p>Thomas Herzog\u00a0\u00a0\u00a0\u00a0\u00a0\u00a0\u00a0\u00a0\u00a0\u00a0\u00a0\u00a0\u00a0\u00a0\u00a0\u00a0\u00a0\u00a0\u00a0\u00a0\u00a0\u00a0\u00a0\u00a0\u00a0\u00a0\u00a0\u00a0\u00a0\u00a0\u00a0\u00a0\u00a0\u00a0\u00a0\u00a0\u00a0\u00a0\u00a0\u00a0\u00a0\u00a0\u00a0\u00a0\u00a0\u00a0\u00a0\u00a0\u00a0\u00a0\u00a0\u00a0\u00a0\u00a0\u00a0\u00a0\u00a0\u00a0\u00a0\u00a0\u00a0\u00a0\u00a0 Dieter R\u00fcdiger<\/p>\n<p>(Vorsitzender)\u00a0\u00a0\u00a0\u00a0\u00a0\u00a0\u00a0\u00a0\u00a0\u00a0\u00a0\u00a0\u00a0\u00a0\u00a0\u00a0\u00a0\u00a0\u00a0\u00a0\u00a0\u00a0\u00a0\u00a0\u00a0\u00a0\u00a0\u00a0\u00a0\u00a0\u00a0\u00a0\u00a0\u00a0 \u00a0\u00a0\u00a0\u00a0\u00a0\u00a0\u00a0\u00a0\u00a0\u00a0\u00a0\u00a0\u00a0\u00a0\u00a0\u00a0\u00a0\u00a0\u00a0\u00a0\u00a0\u00a0\u00a0\u00a0\u00a0\u00a0\u00a0\u00a0\u00a0\u00a0\u00a0(2. Vorsitzender)<\/p>\n","protected":false},"excerpt":{"rendered":"<p>Rundscheiben zur Generalversammlung 2015 Liebe Anglerinnen,\u00a0\u00a0\u00a0\u00a0\u00a0\u00a0\u00a0\u00a0\u00a0\u00a0\u00a0\u00a0\u00a0\u00a0\u00a0\u00a0\u00a0\u00a0\u00a0\u00a0 liebe Angler, hiermit m\u00f6chten wir zur Generalversammlung am Samstag, 11. April 2015 um 18.00 Uhr in der Waldgastst\u00e4tte Oppenheim einladen. Tagesordnung: Begr\u00fc\u00dfung der Versammlung Gedenken der Verstorbenen Bericht des Vorsitzenden Bericht des Kassenwartes Bericht der Kassenpr\u00fcfer Entlastung des Kassenwartes Weitere Berichte von Vorstandsmitgliedern Entlastung des Gesamtvorstandes Neuwahlen des Vorstandes: [&hellip;]<\/p>\n","protected":false},"author":3,"featured_media":0,"comment_status":"closed","ping_status":"closed","sticky":false,"template":"","format":"standard","meta":{"footnotes":""},"categories":[1,22,25,31],"tags":[46,55,35,36,44,45],"class_list":["post-325","post","type-post","status-publish","format-standard","hentry","category-allgemein","category-versammlung","category-rundschreiben","category-31","tag-46","tag-einladung","tag-generalversammlung","tag-versammlung","tag-jahreshauptversammlung","tag-rundschreiben"],"_links":{"self":[{"href":"https:\/\/www.asv-oppenheim.de\/index.php\/wp-json\/wp\/v2\/posts\/325","targetHints":{"allow":["GET"]}}],"collection":[{"href":"https:\/\/www.asv-oppenheim.de\/index.php\/wp-json\/wp\/v2\/posts"}],"about":[{"href":"https:\/\/www.asv-oppenheim.de\/index.php\/wp-json\/wp\/v2\/types\/post"}],"author":[{"embeddable":true,"href":"https:\/\/www.asv-oppenheim.de\/index.php\/wp-json\/wp\/v2\/users\/3"}],"replies":[{"embeddable":true,"href":"https:\/\/www.asv-oppenheim.de\/index.php\/wp-json\/wp\/v2\/comments?post=325"}],"version-history":[{"count":1,"href":"https:\/\/www.asv-oppenheim.de\/index.php\/wp-json\/wp\/v2\/posts\/325\/revisions"}],"predecessor-version":[{"id":326,"href":"https:\/\/www.asv-oppenheim.de\/index.php\/wp-json\/wp\/v2\/posts\/325\/revisions\/326"}],"wp:attachment":[{"href":"https:\/\/www.asv-oppenheim.de\/index.php\/wp-json\/wp\/v2\/media?parent=325"}],"wp:term":[{"taxonomy":"category","embeddable":true,"href":"https:\/\/www.asv-oppenheim.de\/index.php\/wp-json\/wp\/v2\/categories?post=325"},{"taxonomy":"post_tag","embeddable":true,"href":"https:\/\/www.asv-oppenheim.de\/index.php\/wp-json\/wp\/v2\/tags?post=325"}],"curies":[{"name":"wp","href":"https:\/\/api.w.org\/{rel}","templated":true}]}}