{"id":328,"date":"2015-04-12T18:53:39","date_gmt":"2015-04-12T16:53:39","guid":{"rendered":"http:\/\/www.asv-oppenheim.de\/?p=328"},"modified":"2017-08-13T22:22:24","modified_gmt":"2017-08-13T20:22:24","slug":"vorstand-bestaetigt-in-2015","status":"publish","type":"post","link":"https:\/\/www.asv-oppenheim.de\/index.php\/2015\/04\/12\/vorstand-bestaetigt-in-2015\/","title":{"rendered":"Vorstand best\u00e4tigt in 2015"},"content":{"rendered":"<h1 id=\"yui_3_7_2_1_1363024872152_2383\">Angler best\u00e4tigen ihren Vorstand 2015<\/h1>\n<p>Auf ihrer Generalversammlung best\u00e4tigten die Mitglieder des Angelsportvereines Oppenheim ihren gesamten bisherigen Vorstand. An der Spitze steht weiterhin der langj\u00e4hrige Vorsitzende Thomas Herzog, sein Stellvertreter ist Dieter R\u00fcdiger, Kassierer Heinz Borng\u00e4sser.<br \/>\n\u00dcber keine herausragenden Ereignisse an den Gew\u00e4ssern konnte Herzog in seiner Begr\u00fc\u00dfungsrede berichten. Fischbesatz soll es erst in diesem Jahr wieder geben und die Renovierung der Fischerh\u00fctte am Sandloch sei abgeschlossen. Die Teilnehmerzahl am Vereinsfischen sei leider zur\u00fcckgegangen, ebenso die an den Arbeitsdiensten. Gut besucht sei die Jahresabschlu\u00dffeier gewesen, Herzog dankte der Stadt f\u00fcr die allj\u00e4hrliche Bereitstellung des Rathausausschankes. Drei Fischessen hat der ASV durchgef\u00fchrt, alle waren hervorragend besucht.<br \/>\nAuch an diesem 1. Mai serviert der ASV auf dem B\u00fcrgerfest der SPD vor der Emondshalle wieder knuspriges Seefischfilet und der Reinerl\u00f6s geht diesmal an die Kinderstation &#8222;B\u00e4renherz&#8220;.<br \/>\nEine wie gewohnt hervorragend gef\u00fchrte Kasse best\u00e4tigten die Pr\u00fcfer Heinz Borng\u00e4sser, unter dessen Regie die Kasse stets Wachstum verzeichnet. Nachdem die Versammlung noch eine Neuaufnahme best\u00e4tigte, wurde nach Diskussion der Jahresveranstaltungskalender beschlossen, in dessen Mittelpunkt wieder drei Fischessen stehen. Regelm\u00e4\u00dfige Treffen, an jeweils einem Sonntag pro Monat sollen wieder eingef\u00fchrt werden. Zum Schluss legte die Versammlung die Schonfrist f\u00fcr den Raubfischfang an seinen Gew\u00e4ssern f\u00fcr die Zeit vom <strong>1.1. bis 31.5. <\/strong>fest.<\/p>\n<p>Bild: Der alte Vorstand ist auch der neue.<\/p>\n<p id=\"yui_3_7_2_1_1363024872152_2398\">Mit vielen Gr\u00fc\u00dfen an die Redaktion &#8211; Hans Schmidt &#8211; ASVO Pressewart<\/p>\n<p><img loading=\"lazy\" decoding=\"async\" class=\"alignnone size-large wp-image-329\" src=\"https:\/\/www.asv-oppenheim.de\/wp-content\/uploads\/2017\/08\/20150410_Generalversammlung-1024x471.jpg\" alt=\"\" width=\"648\" height=\"298\" srcset=\"https:\/\/www.asv-oppenheim.de\/wp-content\/uploads\/2017\/08\/20150410_Generalversammlung-1024x471.jpg 1024w, https:\/\/www.asv-oppenheim.de\/wp-content\/uploads\/2017\/08\/20150410_Generalversammlung-300x138.jpg 300w, https:\/\/www.asv-oppenheim.de\/wp-content\/uploads\/2017\/08\/20150410_Generalversammlung-768x353.jpg 768w, https:\/\/www.asv-oppenheim.de\/wp-content\/uploads\/2017\/08\/20150410_Generalversammlung.jpg 1251w\" sizes=\"auto, (max-width: 648px) 100vw, 648px\" \/><\/p>\n","protected":false},"excerpt":{"rendered":"<p>Angler best\u00e4tigen ihren Vorstand 2015 Auf ihrer Generalversammlung best\u00e4tigten die Mitglieder des Angelsportvereines Oppenheim ihren gesamten bisherigen Vorstand. An der Spitze steht weiterhin der langj\u00e4hrige Vorsitzende Thomas Herzog, sein Stellvertreter ist Dieter R\u00fcdiger, Kassierer Heinz Borng\u00e4sser. \u00dcber keine herausragenden Ereignisse an den Gew\u00e4ssern konnte Herzog in seiner Begr\u00fc\u00dfungsrede berichten. Fischbesatz soll es erst in diesem [&hellip;]<\/p>\n","protected":false},"author":3,"featured_media":0,"comment_status":"closed","ping_status":"closed","sticky":false,"template":"","format":"standard","meta":{"footnotes":""},"categories":[1,22,31],"tags":[35,36,44,45,46],"class_list":["post-328","post","type-post","status-publish","format-standard","hentry","category-allgemein","category-versammlung","category-31","tag-generalversammlung","tag-versammlung","tag-jahreshauptversammlung","tag-rundschreiben","tag-46"],"_links":{"self":[{"href":"https:\/\/www.asv-oppenheim.de\/index.php\/wp-json\/wp\/v2\/posts\/328","targetHints":{"allow":["GET"]}}],"collection":[{"href":"https:\/\/www.asv-oppenheim.de\/index.php\/wp-json\/wp\/v2\/posts"}],"about":[{"href":"https:\/\/www.asv-oppenheim.de\/index.php\/wp-json\/wp\/v2\/types\/post"}],"author":[{"embeddable":true,"href":"https:\/\/www.asv-oppenheim.de\/index.php\/wp-json\/wp\/v2\/users\/3"}],"replies":[{"embeddable":true,"href":"https:\/\/www.asv-oppenheim.de\/index.php\/wp-json\/wp\/v2\/comments?post=328"}],"version-history":[{"count":2,"href":"https:\/\/www.asv-oppenheim.de\/index.php\/wp-json\/wp\/v2\/posts\/328\/revisions"}],"predecessor-version":[{"id":331,"href":"https:\/\/www.asv-oppenheim.de\/index.php\/wp-json\/wp\/v2\/posts\/328\/revisions\/331"}],"wp:attachment":[{"href":"https:\/\/www.asv-oppenheim.de\/index.php\/wp-json\/wp\/v2\/media?parent=328"}],"wp:term":[{"taxonomy":"category","embeddable":true,"href":"https:\/\/www.asv-oppenheim.de\/index.php\/wp-json\/wp\/v2\/categories?post=328"},{"taxonomy":"post_tag","embeddable":true,"href":"https:\/\/www.asv-oppenheim.de\/index.php\/wp-json\/wp\/v2\/tags?post=328"}],"curies":[{"name":"wp","href":"https:\/\/api.w.org\/{rel}","templated":true}]}}