{"id":363,"date":"2016-02-28T19:13:03","date_gmt":"2016-02-28T18:13:03","guid":{"rendered":"http:\/\/www.asv-oppenheim.de\/?p=363"},"modified":"2017-08-13T22:15:48","modified_gmt":"2017-08-13T20:15:48","slug":"einladung-jahresversammlung-2016","status":"publish","type":"post","link":"https:\/\/www.asv-oppenheim.de\/index.php\/2016\/02\/28\/einladung-jahresversammlung-2016\/","title":{"rendered":"Einladung Jahresversammlung 2016"},"content":{"rendered":"<h1>Einladung zur Jahresversammlung 2016<\/h1>\n<p>Liebe Anglerinnen,<br \/>\nliebe Angler,<img loading=\"lazy\" decoding=\"async\" class=\"size-full wp-image-189 alignright\" src=\"https:\/\/www.asv-oppenheim.de\/wp-content\/uploads\/2017\/08\/ASVlogo_mittel.png\" alt=\"\" width=\"124\" height=\"115\" \/><\/p>\n<p>hiermit m\u00f6chten wir zur Jahreshauptversammlung am<\/p>\n<p><strong>Samstag, 09. April 2016 um 18.00 Uhr<\/strong><\/p>\n<p>im Altenzentrum in Oppenheim einladen.<\/p>\n<p><strong>Tagesordnung:<\/strong><\/p>\n<ol>\n<li>Begr\u00fc\u00dfung der Versammlung<\/li>\n<li>Gedenken der Verstorbenen<\/li>\n<li>Bericht des Vorsitzenden<\/li>\n<li>Bericht des Kassenwartes<\/li>\n<li>Bericht der Kassenpr\u00fcfer<\/li>\n<li>Entlastung des Kassenwartes<\/li>\n<li>Weitere Berichte von Vorstandsmitgliedern<\/li>\n<li>Entlastung des Gesamtvorstandes<\/li>\n<\/ol>\n<p><strong>Beschluss \u00fcber:<\/strong><\/p>\n<ol>\n<li>Terminplan 2016<\/li>\n<li>Kassenvoranschlag 2016<\/li>\n<li>Sonderbestimmungen 2016<\/li>\n<li>Antr\u00e4ge<\/li>\n<li>Verschiedenes<\/li>\n<\/ol>\n<p>Den Kassenbericht erhaltet ihr in schriftlicher Form bei der Versammlung.<\/p>\n<p>Antr\u00e4ge bitten wir bis sp\u00e4testens bis zum 31.03.2016 bei Marliese Bingenheimer, Morgenweide, Oppenheim schriftlich einzureichen.<\/p>\n<p>Der Verein wird sich in diesem Jahr wieder an dem Familienfest des SPD-\u00a0Ortsverein Oppenheim am 01. Mai beteiligen. Die Erl\u00f6se flie\u00dfen in die Sanierungsma\u00dfnahmen f\u00fcr die Gew\u00e4sser.<\/p>\n<p>Es ist sicher allgemein bekannt, dass begonnen wurde, das Sandloch umfangreich zu sanieren. Die Erdarbeiten sind mittlerweile abgeschlossen. Im Fr\u00fchjahr beginnen wir mit der Einsaat. Damit ein erfolgreicher und dauerhafter Bewuchs gew\u00e4hrleistet ist, wird der Bereich des Gew\u00e4ssers zur Stra\u00dfe an das Strandbad hin gesperrt.<\/p>\n<p>Wir bitten um zahlreiches Erscheinen zur Versammlung und verbleiben<\/p>\n<p>Petry Heil!<\/p>\n<p>Thomas Herzog\u00a0\u00a0\u00a0\u00a0\u00a0\u00a0\u00a0\u00a0\u00a0\u00a0\u00a0\u00a0\u00a0\u00a0\u00a0\u00a0\u00a0\u00a0\u00a0\u00a0\u00a0\u00a0\u00a0\u00a0\u00a0\u00a0\u00a0\u00a0\u00a0\u00a0\u00a0\u00a0\u00a0\u00a0\u00a0\u00a0\u00a0\u00a0\u00a0\u00a0\u00a0\u00a0\u00a0\u00a0 Dieter R\u00fcdiger<br \/>\n(Vorsitzender)\u00a0\u00a0\u00a0\u00a0\u00a0\u00a0\u00a0\u00a0\u00a0\u00a0\u00a0\u00a0\u00a0\u00a0\u00a0\u00a0\u00a0\u00a0\u00a0\u00a0\u00a0\u00a0\u00a0\u00a0\u00a0\u00a0\u00a0\u00a0\u00a0\u00a0\u00a0\u00a0\u00a0\u00a0\u00a0\u00a0\u00a0\u00a0\u00a0\u00a0\u00a0\u00a0\u00a0\u00a0\u00a0\u00a0\u00a0 (2. Vorsitzender)<\/p>\n","protected":false},"excerpt":{"rendered":"<p>Einladung zur Jahresversammlung 2016 Liebe Anglerinnen, liebe Angler, hiermit m\u00f6chten wir zur Jahreshauptversammlung am Samstag, 09. April 2016 um 18.00 Uhr im Altenzentrum in Oppenheim einladen. Tagesordnung: Begr\u00fc\u00dfung der Versammlung Gedenken der Verstorbenen Bericht des Vorsitzenden Bericht des Kassenwartes Bericht der Kassenpr\u00fcfer Entlastung des Kassenwartes Weitere Berichte von Vorstandsmitgliedern Entlastung des Gesamtvorstandes Beschluss \u00fcber: Terminplan [&hellip;]<\/p>\n","protected":false},"author":3,"featured_media":0,"comment_status":"closed","ping_status":"closed","sticky":false,"template":"","format":"standard","meta":{"footnotes":""},"categories":[1,22,25,21],"tags":[35,36,43,44,45],"class_list":["post-363","post","type-post","status-publish","format-standard","hentry","category-allgemein","category-versammlung","category-rundschreiben","category-21","tag-generalversammlung","tag-versammlung","tag-43","tag-jahreshauptversammlung","tag-rundschreiben"],"_links":{"self":[{"href":"https:\/\/www.asv-oppenheim.de\/index.php\/wp-json\/wp\/v2\/posts\/363","targetHints":{"allow":["GET"]}}],"collection":[{"href":"https:\/\/www.asv-oppenheim.de\/index.php\/wp-json\/wp\/v2\/posts"}],"about":[{"href":"https:\/\/www.asv-oppenheim.de\/index.php\/wp-json\/wp\/v2\/types\/post"}],"author":[{"embeddable":true,"href":"https:\/\/www.asv-oppenheim.de\/index.php\/wp-json\/wp\/v2\/users\/3"}],"replies":[{"embeddable":true,"href":"https:\/\/www.asv-oppenheim.de\/index.php\/wp-json\/wp\/v2\/comments?post=363"}],"version-history":[{"count":2,"href":"https:\/\/www.asv-oppenheim.de\/index.php\/wp-json\/wp\/v2\/posts\/363\/revisions"}],"predecessor-version":[{"id":692,"href":"https:\/\/www.asv-oppenheim.de\/index.php\/wp-json\/wp\/v2\/posts\/363\/revisions\/692"}],"wp:attachment":[{"href":"https:\/\/www.asv-oppenheim.de\/index.php\/wp-json\/wp\/v2\/media?parent=363"}],"wp:term":[{"taxonomy":"category","embeddable":true,"href":"https:\/\/www.asv-oppenheim.de\/index.php\/wp-json\/wp\/v2\/categories?post=363"},{"taxonomy":"post_tag","embeddable":true,"href":"https:\/\/www.asv-oppenheim.de\/index.php\/wp-json\/wp\/v2\/tags?post=363"}],"curies":[{"name":"wp","href":"https:\/\/api.w.org\/{rel}","templated":true}]}}