{"id":365,"date":"2016-04-20T19:15:47","date_gmt":"2016-04-20T17:15:47","guid":{"rendered":"http:\/\/www.asv-oppenheim.de\/?p=365"},"modified":"2017-08-13T22:15:38","modified_gmt":"2017-08-13T20:15:38","slug":"bericht-jahresversammlung-2016","status":"publish","type":"post","link":"https:\/\/www.asv-oppenheim.de\/index.php\/2016\/04\/20\/bericht-jahresversammlung-2016\/","title":{"rendered":"Bericht Jahresversammlung 2016"},"content":{"rendered":"<h1>Bericht zur Jahreshauptversammlung 2016<\/h1>\n<p><span id=\"yui_3_16_0_ym19_1_1461178257518_2655\">Es ist bekannt, dass begonnen wurde das Vereinsgew\u00e4sser Sandloch umfangreich zu sanieren. Die gr\u00f6\u00dferen Arbeiten sind abgeschlossen, nun wurde mit Einsaat und Neuanpflanzungen begonnen&#8220;, so Vorsitzender Thomas Herzog auf der j\u00fcngsten Generalversammlung des Angelsportvereines Oppenheim.<\/span><\/p>\n<p id=\"yui_3_16_0_ym19_1_1461178257518_2681\"><span id=\"yui_3_16_0_ym19_1_1461178257518_2680\">Im Beisein des st\u00e4dtischen Beigeordneten Marc Sittig bedankte sich Herzog bei Herrn Winfried Kraus f\u00fcr die Bereitstellung des Festraumes des Altenzentrums f\u00fcr die Versammlung.<\/span><\/p>\n<p id=\"yui_3_16_0_ym19_1_1461178257518_2659\"><span id=\"yui_3_16_0_ym19_1_1461178257518_2658\">Drei Fischessen wurden im vergangenen Jahr durchgef\u00fchrt, alle waren erfolgreich und super besucht. Das erste Fischessen in dieser Periode ist wie gewohnt am 1. Mai, zusammen mit dem SPD- Ortsverein vor der Emondshalle. W\u00e4hrend im vergangenen Jahr der Reinerl\u00f6s an die Stiftung B\u00e4renherz ging, sollen in diesem Jahr die Mittel f\u00fcr die gro\u00dfen Investitionen zur Sanierung der Vereinsgew\u00e4sser verwendet werden. Fischbesatz fand in Sandloch und Kiesgrube statt, denn Kormorane bedienen sich unabl\u00e4ssig in den Gew\u00e4ssern.<\/span><\/p>\n<p id=\"yui_3_16_0_ym19_1_1461178257518_2686\"><span id=\"yui_3_16_0_ym19_1_1461178257518_2685\">Rege war die Beteiligung an den Arbeitsdiensten, sowie den Veranstaltungen. Oberstes Ziel ist die Pflege der Gew\u00e4sser und Vereinsanlagen und der ASVO hat auch die Kraft das zu stemmen, so Vorsitzender Thomas Herzog, indem er einige dicke Brocken aufz\u00e4hlte:<\/span><\/p>\n<ul>\n<li><span id=\"yui_3_16_0_ym19_1_1461178257518_2687\">Sanierung und Erweiterung des Vereinsh\u00e4uschens<\/span><\/li>\n<li><span id=\"yui_3_16_0_ym19_1_1461178257518_2689\">Sanierungsma\u00dfnahmen an der Kiesgrube<\/span><\/li>\n<li><span id=\"yui_3_16_0_ym19_1_1461178257518_2704\">Anlage eines Fluchtgrabens,am Neuloch, damit die bei Hochwasser ins W\u00e4ldchen gelangten Fische bei Sauerstoffmangel wieder in den Rhein zur\u00fcckschwimmen k\u00f6nnen<\/span><\/li>\n<li>Sanierung des Sandlochs im vergangenen Jahr<\/li>\n<\/ul>\n<p id=\"yui_3_16_0_ym19_1_1461178257518_2702\"><span id=\"yui_3_16_0_ym19_1_1461178257518_2701\">Dank richtete der Vorsitzende an Vorstand und Mitglieder f\u00fcr die geleistete Arbeit im letzten Jahr. Zuvor beschloss die Versammlung die Jahresabschlussfeier wieder wie gewohnt am Samstag, den 26.11. im Winzerausschank des Rathauses durchzuf\u00fchren.<\/span><\/p>\n","protected":false},"excerpt":{"rendered":"<p>Bericht zur Jahreshauptversammlung 2016 Es ist bekannt, dass begonnen wurde das Vereinsgew\u00e4sser Sandloch umfangreich zu sanieren. Die gr\u00f6\u00dferen Arbeiten sind abgeschlossen, nun wurde mit Einsaat und Neuanpflanzungen begonnen&#8220;, so Vorsitzender Thomas Herzog auf der j\u00fcngsten Generalversammlung des Angelsportvereines Oppenheim. Im Beisein des st\u00e4dtischen Beigeordneten Marc Sittig bedankte sich Herzog bei Herrn Winfried Kraus f\u00fcr die [&hellip;]<\/p>\n","protected":false},"author":3,"featured_media":0,"comment_status":"closed","ping_status":"closed","sticky":false,"template":"","format":"standard","meta":{"footnotes":""},"categories":[1,22,25,21],"tags":[36,43,44,45,35],"class_list":["post-365","post","type-post","status-publish","format-standard","hentry","category-allgemein","category-versammlung","category-rundschreiben","category-21","tag-versammlung","tag-43","tag-jahreshauptversammlung","tag-rundschreiben","tag-generalversammlung"],"_links":{"self":[{"href":"https:\/\/www.asv-oppenheim.de\/index.php\/wp-json\/wp\/v2\/posts\/365","targetHints":{"allow":["GET"]}}],"collection":[{"href":"https:\/\/www.asv-oppenheim.de\/index.php\/wp-json\/wp\/v2\/posts"}],"about":[{"href":"https:\/\/www.asv-oppenheim.de\/index.php\/wp-json\/wp\/v2\/types\/post"}],"author":[{"embeddable":true,"href":"https:\/\/www.asv-oppenheim.de\/index.php\/wp-json\/wp\/v2\/users\/3"}],"replies":[{"embeddable":true,"href":"https:\/\/www.asv-oppenheim.de\/index.php\/wp-json\/wp\/v2\/comments?post=365"}],"version-history":[{"count":1,"href":"https:\/\/www.asv-oppenheim.de\/index.php\/wp-json\/wp\/v2\/posts\/365\/revisions"}],"predecessor-version":[{"id":366,"href":"https:\/\/www.asv-oppenheim.de\/index.php\/wp-json\/wp\/v2\/posts\/365\/revisions\/366"}],"wp:attachment":[{"href":"https:\/\/www.asv-oppenheim.de\/index.php\/wp-json\/wp\/v2\/media?parent=365"}],"wp:term":[{"taxonomy":"category","embeddable":true,"href":"https:\/\/www.asv-oppenheim.de\/index.php\/wp-json\/wp\/v2\/categories?post=365"},{"taxonomy":"post_tag","embeddable":true,"href":"https:\/\/www.asv-oppenheim.de\/index.php\/wp-json\/wp\/v2\/tags?post=365"}],"curies":[{"name":"wp","href":"https:\/\/api.w.org\/{rel}","templated":true}]}}