{"id":602,"date":"2017-12-31T12:43:41","date_gmt":"2017-12-31T11:43:41","guid":{"rendered":"http:\/\/www.asv-oppenheim.de\/?p=602"},"modified":"2017-12-31T12:45:58","modified_gmt":"2017-12-31T11:45:58","slug":"rundschreiben-und-ausblick-2018","status":"publish","type":"post","link":"https:\/\/www.asv-oppenheim.de\/index.php\/2017\/12\/31\/rundschreiben-und-ausblick-2018\/","title":{"rendered":"Rundschreiben und Ausblick 2018"},"content":{"rendered":"<h1>Rundschreiben und Ausblick 2018<\/h1>\n<p>An alle Mitglieder\u00a0\u00a0\u00a0\u00a0\u00a0\u00a0\u00a0\u00a0\u00a0\u00a0\u00a0\u00a0\u00a0\u00a0\u00a0\u00a0 \u00a0 \u00a0 \u00a0 \u00a0 \u00a0 \u00a0 \u00a0 \u00a0 \u00a0 \u00a0\u00a0 30.12.2017<\/p>\n<p>Liebe Anglerinnen,\u00a0\u00a0\u00a0\u00a0\u00a0\u00a0\u00a0\u00a0 <img loading=\"lazy\" decoding=\"async\" class=\"size-full wp-image-189 alignright\" src=\"https:\/\/www.asv-oppenheim.de\/wp-content\/uploads\/2017\/08\/ASVlogo_mittel.png\" alt=\"\" width=\"124\" height=\"115\" \/><br \/>\nliebe Angler,<\/p>\n<p>damit unsere Mitglieder die Arbeitsdienste f\u00fcr das Fr\u00fchjahr 2018 planen k\u00f6nnen, geben wir hiermit vorab die Termine bekannt:<\/p>\n<ul>\n<li>Samstag, 24.02.2018<\/li>\n<li>Samstag, 03.03.2018<\/li>\n<li>Samstag, 10.03.2018<\/li>\n<\/ul>\n<p>Treffpunkt jeweils um\u00a0 09.00 Uhr am Sandloch.<\/p>\n<p>An dieser Stelle m\u00f6chte sich der Vorstand herzlich auch nochmals bedanken f\u00fcr das Engagement der Mitglieder im Rahmen der Veranstaltungen des Vereines sowie f\u00fcr die Teilnahme an den Arbeitsdiensten.<\/p>\n<p>Die Sanierung des Gew\u00e4ssers Sandloch ist mittlerweile im vollen Umfange abgeschlossen und hat drei Jahre gedauert. Zus\u00e4tzlich wurden umfangreich ehrenamtliche Arbeitsstunden abgeleistet. Falls keine gr\u00f6\u00dferen Sch\u00e4den durch etwaige Hochwasser entstehen, sind auf absehbare Zeit keine weiteren gr\u00f6\u00dferen Ma\u00dfnahmen \u00fcber den normalen Unterhaltungsaufwand hinausgehend mehr notwendig.<\/p>\n<p>F\u00fcr die n\u00e4chsten zwei bis drei Jahre wird sich unsere volle Aufmerksamkeit auf die Kiesgrube richten. Wir haben bereits zu Beginn des Jahres 2017 im Bereich der Stirnseite des Gew\u00e4ssers mit entsprechenden Sanierungsarbeiten begonnen und die infolge von Hochwasser besch\u00e4digten Uferbereiche wieder instand gesetzt.<\/p>\n<p>Zwingend notwendig ist die Wiederinstandsetzung (Entschlammung) der Tiefwasserbereiche in der Kiesgrube. Wir sind bereits in den Dialog mit der Verwaltung der Stadt Oppenheim eingetreten. Das Mitwirken weiterer Beh\u00f6rden ist sicherlich notwendig. Belange des Umwelt- und Naturschutzes m\u00fcssen beachtet werden. Ziel ist es, dass mit den Erdarbeiten im Winter 2018\/2019 begonnen werden kann. Allerdings werden wir im Fr\u00fchjahr 2018 eine au\u00dferordentliche Generalversammlung abhalten, damit das h\u00f6chste Gremium unseres Vereines entscheiden kann. Wir werden der Versammlung den Stand der Planungen vorstellen. Mitwirkung der Mitglieder und Vorschl\u00e4ge sind ausdr\u00fccklich erw\u00fcnscht.<\/p>\n<p>Bez\u00fcglich eines Fischbesatzes im Fr\u00fchjahr 2018 pr\u00fcft der Vorstand derzeit, wie ein Besatz mit gr\u00f6\u00dferen Wei\u00dffischen realisiert werden kann.<\/p>\n<p>Dieter R\u00fcdiger und ich werden den Verein anl\u00e4sslich des Neujahresempfanges der Stadt Oppenheim am 14. Januar 2018 vertreten, so wie wir dies schon jahrelang praktizieren und grunds\u00e4tzlich positiv auf die Einladung der gew\u00e4hlten Stadtspitze reagieren.<\/p>\n<p>F\u00fcr das bevorstehende Jahr 2018 w\u00fcnschen wir unseren Mitgliedern und ihren Familien alles Gute und viel\u00a0 Gl\u00fcck!<\/p>\n<p>Thomas Herzog\u00a0\u00a0\u00a0\u00a0\u00a0\u00a0\u00a0\u00a0\u00a0\u00a0\u00a0\u00a0 Dieter R\u00fcdiger<br \/>\n(Vorsitzender)\u00a0\u00a0\u00a0\u00a0\u00a0\u00a0\u00a0\u00a0\u00a0\u00a0\u00a0\u00a0\u00a0\u00a0\u00a0 (2. Vorsitzender)<\/p>\n","protected":false},"excerpt":{"rendered":"<p>Rundschreiben und Ausblick 2018 An alle Mitglieder\u00a0\u00a0\u00a0\u00a0\u00a0\u00a0\u00a0\u00a0\u00a0\u00a0\u00a0\u00a0\u00a0\u00a0\u00a0\u00a0 \u00a0 \u00a0 \u00a0 \u00a0 \u00a0 \u00a0 \u00a0 \u00a0 \u00a0 \u00a0\u00a0 30.12.2017 Liebe Anglerinnen,\u00a0\u00a0\u00a0\u00a0\u00a0\u00a0\u00a0\u00a0 liebe Angler, damit unsere Mitglieder die Arbeitsdienste f\u00fcr das Fr\u00fchjahr 2018 planen k\u00f6nnen, geben wir hiermit vorab die Termine bekannt: Samstag, 24.02.2018 Samstag, 03.03.2018 Samstag, 10.03.2018 Treffpunkt jeweils um\u00a0 09.00 Uhr am Sandloch. An dieser [&hellip;]<\/p>\n","protected":false},"author":3,"featured_media":0,"comment_status":"closed","ping_status":"closed","sticky":false,"template":"","format":"standard","meta":{"footnotes":""},"categories":[1,20,25,32],"tags":[45,54,6],"class_list":["post-602","post","type-post","status-publish","format-standard","hentry","category-allgemein","category-gewaesser","category-rundschreiben","category-32","tag-rundschreiben","tag-gewaesser","tag-6"],"_links":{"self":[{"href":"https:\/\/www.asv-oppenheim.de\/index.php\/wp-json\/wp\/v2\/posts\/602","targetHints":{"allow":["GET"]}}],"collection":[{"href":"https:\/\/www.asv-oppenheim.de\/index.php\/wp-json\/wp\/v2\/posts"}],"about":[{"href":"https:\/\/www.asv-oppenheim.de\/index.php\/wp-json\/wp\/v2\/types\/post"}],"author":[{"embeddable":true,"href":"https:\/\/www.asv-oppenheim.de\/index.php\/wp-json\/wp\/v2\/users\/3"}],"replies":[{"embeddable":true,"href":"https:\/\/www.asv-oppenheim.de\/index.php\/wp-json\/wp\/v2\/comments?post=602"}],"version-history":[{"count":3,"href":"https:\/\/www.asv-oppenheim.de\/index.php\/wp-json\/wp\/v2\/posts\/602\/revisions"}],"predecessor-version":[{"id":605,"href":"https:\/\/www.asv-oppenheim.de\/index.php\/wp-json\/wp\/v2\/posts\/602\/revisions\/605"}],"wp:attachment":[{"href":"https:\/\/www.asv-oppenheim.de\/index.php\/wp-json\/wp\/v2\/media?parent=602"}],"wp:term":[{"taxonomy":"category","embeddable":true,"href":"https:\/\/www.asv-oppenheim.de\/index.php\/wp-json\/wp\/v2\/categories?post=602"},{"taxonomy":"post_tag","embeddable":true,"href":"https:\/\/www.asv-oppenheim.de\/index.php\/wp-json\/wp\/v2\/tags?post=602"}],"curies":[{"name":"wp","href":"https:\/\/api.w.org\/{rel}","templated":true}]}}