{"id":878,"date":"2019-04-20T15:57:20","date_gmt":"2019-04-20T13:57:20","guid":{"rendered":"http:\/\/www.asv-oppenheim.de\/?p=878"},"modified":"2019-04-20T16:13:39","modified_gmt":"2019-04-20T14:13:39","slug":"bericht-generalversammlung-2018","status":"publish","type":"post","link":"https:\/\/www.asv-oppenheim.de\/index.php\/2019\/04\/20\/bericht-generalversammlung-2018\/","title":{"rendered":"Bericht Generalversammlung 2019"},"content":{"rendered":"\n<p>&#8222;Zusammenfassend k\u00f6nnen wir auf unseren Verein und seine Mitglieder stolz sein, denn wir haben eine ausgeglichene Balance zwischen Naturschutz und Fischgew\u00e4sser erreicht&#8220;, so der Vorsitzende des Angelsportvereines Oppenheim, Thomas Herzog zum guten Zustand der Vereinsgew\u00e4sser. Umfassend berichtete er den anwesenden Mitgliedern auf der Generalversammlung des Vereins, die im Vereinsheim des Kanu Clubs am Hafen stattfand. <\/p>\n\n\n\n<p>Vorangegangen war die umfangreiche Sanierung der Kiesgrube, wo mit Hilfe eines Saugbaggers im 14 Tage dauernden Betrieb ca 600 Tonnen Schlamm entfernt und an anderen Stellen des Gew\u00e4ssers eingebracht wurden. Dies wurde notwendig, weil im vergangenen hei\u00dfen Sommer nur mit Hilfe der Feuerwehr, die k\u00fchleres Frischwasser vom Rhein in das Gew\u00e4sser pumpte, ein umfangreiches Fischsterben verhindert werden konnte. Herzog dankte der Wehr herzlich f\u00fcr ihre Hilfe.<\/p>\n\n\n\n<p>Die Ma\u00dfnahme selbst wurde mit Hilfe der\nEhrenamtsf\u00f6rderung des Kreises durchgef\u00fchrt und der Dank des Vereines gilt allen\nBeh\u00f6rden und Dienststellen, sowie dem Stadtrat f\u00fcr ihre Unterst\u00fctzung.<\/p>\n\n\n\n<p>Auch den Vereinsmitgliedern galt Lob f\u00fcr ihre\nrege Mitarbeit bei den Arbeitsdiensten, insbesondere dem scheidenden\nGew\u00e4sserwart G\u00fcnter Morch. Durchgef\u00fchrt mit Rekordbesuch wurden zwei Fischessen\nam Sandloch, auch die \u00fcbrigen Vereinstermine wurden gut angenommen.<\/p>\n\n\n\n<p>Hervorragend ist die Zusammenarbeit mit den\nOppenheimer Vereinen, die Unterst\u00fctzung durch die Stadt, dem B\u00fcrgermeister und\nden zust\u00e4ndigen Beigeordneten. Fester Bestandteil des Programmes ist seit \u00fcber\n30 Jahren das Fischessen f\u00fcr die Seniorinnen und Senioren im Altenzentrum in\nder Vorweihnachtszeit.<\/p>\n\n\n\n<p>Kassenpr\u00fcfer Hans Sandel und Karl Heinz Strupp\nbescheinigten Kassierer Heinz Hamm eine sehr gut gef\u00fchrte Kasse. Nach der\neinstimmigen Entlastung des Vorstandes ergaben die Neuwahlen folgendes\nErgebnis: 1. Vorsitzender Thomas Herzog, Zweiter Dieter R\u00fcdiger, Kassierer\nHeinz Hamm Zweite Waltraud Radu, 1. Schriftf\u00fchrerin Ilse R\u00fcdiger, Zweite Beate\nR\u00fcdiger, Gew\u00e4sserwarte Franz Bingenheimer und Thomas Hammer. Beisitzer Andreas\nSowula, Moriss Daubermann, Andreas Trinkl, Helmut Schnell und Thomas Schnell.\nPressewart Hans Schmidt und Beauftragter f\u00fcr den Naturschutz ist Nikolaus\nStrupp.<\/p>\n\n\n\n<p>Zum Schluss wurde der Veranstaltungskalender f\u00fcr\ndieses Jahr verabschiedet und auf das erste Fischessen mit Fr\u00fchschoppen am\nSandloch, am 7. Juli hingewiesen.<\/p>\n\n\n\n<p><br><\/p>\n\n\n\n<figure class=\"wp-block-image\"><img loading=\"lazy\" decoding=\"async\" width=\"1024\" height=\"768\" src=\"https:\/\/www.asv-oppenheim.de\/wp-content\/uploads\/2019\/04\/20190410_Generalversammlung-1024x768.jpg\" alt=\"\" class=\"wp-image-880\" srcset=\"https:\/\/www.asv-oppenheim.de\/wp-content\/uploads\/2019\/04\/20190410_Generalversammlung-1024x768.jpg 1024w, https:\/\/www.asv-oppenheim.de\/wp-content\/uploads\/2019\/04\/20190410_Generalversammlung-300x225.jpg 300w, https:\/\/www.asv-oppenheim.de\/wp-content\/uploads\/2019\/04\/20190410_Generalversammlung-768x576.jpg 768w\" sizes=\"auto, (max-width: 1024px) 100vw, 1024px\" \/><figcaption>Bild: Mitglieder des neugew\u00e4hlte ASVO Vorstandes<\/figcaption><\/figure>\n","protected":false},"excerpt":{"rendered":"<p>&#8222;Zusammenfassend k\u00f6nnen wir auf unseren Verein und seine Mitglieder stolz sein, denn wir haben eine ausgeglichene Balance zwischen Naturschutz und Fischgew\u00e4sser erreicht&#8220;, so der Vorsitzende des Angelsportvereines Oppenheim, Thomas Herzog zum guten Zustand der Vereinsgew\u00e4sser. Umfassend berichtete er den anwesenden Mitgliedern auf der Generalversammlung des Vereins, die im Vereinsheim des Kanu Clubs am Hafen stattfand. [&hellip;]<\/p>\n","protected":false},"author":3,"featured_media":0,"comment_status":"closed","ping_status":"closed","sticky":false,"template":"","format":"standard","meta":{"footnotes":""},"categories":[1,23,22,68],"tags":[33,35,36,44,45,70],"class_list":["post-878","post","type-post","status-publish","format-standard","hentry","category-allgemein","category-veranstaltung","category-versammlung","category-68","tag-bericht","tag-generalversammlung","tag-versammlung","tag-jahreshauptversammlung","tag-rundschreiben","tag-70"],"_links":{"self":[{"href":"https:\/\/www.asv-oppenheim.de\/index.php\/wp-json\/wp\/v2\/posts\/878","targetHints":{"allow":["GET"]}}],"collection":[{"href":"https:\/\/www.asv-oppenheim.de\/index.php\/wp-json\/wp\/v2\/posts"}],"about":[{"href":"https:\/\/www.asv-oppenheim.de\/index.php\/wp-json\/wp\/v2\/types\/post"}],"author":[{"embeddable":true,"href":"https:\/\/www.asv-oppenheim.de\/index.php\/wp-json\/wp\/v2\/users\/3"}],"replies":[{"embeddable":true,"href":"https:\/\/www.asv-oppenheim.de\/index.php\/wp-json\/wp\/v2\/comments?post=878"}],"version-history":[{"count":5,"href":"https:\/\/www.asv-oppenheim.de\/index.php\/wp-json\/wp\/v2\/posts\/878\/revisions"}],"predecessor-version":[{"id":884,"href":"https:\/\/www.asv-oppenheim.de\/index.php\/wp-json\/wp\/v2\/posts\/878\/revisions\/884"}],"wp:attachment":[{"href":"https:\/\/www.asv-oppenheim.de\/index.php\/wp-json\/wp\/v2\/media?parent=878"}],"wp:term":[{"taxonomy":"category","embeddable":true,"href":"https:\/\/www.asv-oppenheim.de\/index.php\/wp-json\/wp\/v2\/categories?post=878"},{"taxonomy":"post_tag","embeddable":true,"href":"https:\/\/www.asv-oppenheim.de\/index.php\/wp-json\/wp\/v2\/tags?post=878"}],"curies":[{"name":"wp","href":"https:\/\/api.w.org\/{rel}","templated":true}]}}